{"id":561,"date":"2020-10-19T11:40:04","date_gmt":"2020-10-19T09:40:04","guid":{"rendered":"http:\/\/gabinetjm2b.es\/?p=561"},"modified":"2023-12-12T08:18:59","modified_gmt":"2023-12-12T07:18:59","slug":"sistemes-de-ventilacio-climatitzacio-i-coronavirus","status":"publish","type":"post","link":"https:\/\/gabinetjm2b.es\/ca\/sistemes-de-ventilacio-climatitzacio-i-coronavirus\/","title":{"rendered":"Sistemes de ventilaci\u00f3, climatitzaci\u00f3 i coronavirus"},"content":{"rendered":"<div class=\"wpb-content-wrapper\"><p>[vc_row][vc_column]<h3 class=\"grve-element grve-title grve-align-left grve-h3\" style=\"\"><span>Sistemes de ventilaci\u00f3, climatitzaci\u00f3 i coronavirus<\/span><\/h3>[vc_column_text]<strong>ACTUACIONS, RECOMANACIONS I OPORTUNITATS<\/strong><\/p>\n<p><strong>Qu\u00e8 recomanen els experts?<\/strong><br \/>\nLa crisi del Covid-19 est\u00e0 posant a prova a tots i en tot, des del personal hum\u00e0 que treballa a primera fila contra el virus fins alguna cosa intangible com \u00e9s l&#8217;economia d&#8217;un pa\u00eds. Els sistemes de ventilaci\u00f3 i aires condicionats no s\u2019escapen tampoc a disposar de mesures de prevenci\u00f3 i higiene, pel que en aquest article parlarem de les Recomanacions que aporten la REHVA (Associaci\u00f3 Europea de Calefacci\u00f3, Ventilaci\u00f3 i Aire Condicionat) i l\u2019ATECYR (Asociaci\u00f3n T\u00e9cnica Espa\u00f1ola de Climatizaci\u00f3n y Refrigeraci\u00f3n) per mantenir un nivell de salubritat \u00f2ptim en Llars i Centres de treball, i al mateix temps, oferir al col\u00b7lectiu dels instal\u00b7ladors una s\u00e8rie d\u2019oportunitats per realitzar millores a les instal\u00b7lacions per afavorir la sortida d\u2019aquesta situaci\u00f3 tant complexa provocada per un virus.<br \/>\nInformem que les mesures recollides en aquests documents s\u00f3n provisionals, de manera que si es descobreix m\u00e9s informaci\u00f3 sobre el virus i com aturar-lo, podrien modificar-se o augmentar. Tamb\u00e9 cal indicar que no existeix cap Norma d\u2019obligat compliment, i que tant sols es tracta de RECOMANACIONS.<\/p>\n<p><strong>Airejar m\u00e9s i millor<\/strong><br \/>\nPer normativa estem obligats a renovar l&#8217;aire del nostre local comercial, nau industrial o fins i tot habitatge. Aquest cabal sol representar un percentatge baix de l&#8217;aire que mou l&#8217;equip de climatitzaci\u00f3 (el RITE per IDA 2 recomana 12,5 l \/ s &#8211; persona d&#8217;aire exterior, en la mesura que sigui possible valorar la possibilitat d&#8217;acostar-se als requisits exigibles per a edificis que requereixen IDA 1, \u00e9s a dir 20 l \/ s &#8211; persona, qualitat d&#8217;aire hospital\u00e0ria, dissenyada per minimitzar el risc d&#8217;infeccions). El que recomana la REHVA en edificis amb ventilaci\u00f3 mec\u00e0nica \u00e9s augmentar aquest cabal d&#8217;aire exterior de manera que suposi un percentatge molt m\u00e9s gran de l&#8217;aire total que mou l&#8217;equip, arribant fins i tot a el 100%.<br \/>\nAquesta mesura est\u00e0 enfocada sobretot a grans edificis amb sistemes de ventilaci\u00f3 centralitzats regulables per demanda, ja que en molts casos no ser\u00e0 possible modificar el cabal si no es compta amb un sistema de ventilaci\u00f3 for\u00e7ada al nostre local, habitatge, etc.<br \/>\nLa REHVA recomana tamb\u00e9 que, en els sistemes de ventilaci\u00f3 controlats per demanda, es canvi\u00ef el punt d&#8217;ajust de CO2 a un valor m\u00e9s baix de 400 ppm per assegurar l&#8217;operaci\u00f3 a la velocitat nominal. Mantenir la ventilaci\u00f3 encesa les 24 hores, els 7 dies de la setmana, amb taxes de ventilaci\u00f3 redu\u00efdes (per\u00f2 no apagades) quan les persones estiguin absents. En el cas que el sistema no disposi d\u2019elements de control que permetin aquesta regulaci\u00f3, mantenir horaris de ventilaci\u00f3 m\u00e9s estesos del que \u00e9s normal previ a l&#8217;hora de obertura del mat\u00ed, per\u00f2, no cal estendre-ho m\u00e9s enll\u00e0 de 2 hores, temps suficient per renovar m\u00e9s de 4 a 5 vegades a l&#8217;aire interior. Tamb\u00e9 \u00e9s important mantenir la ventilaci\u00f3 en funcionament com a m\u00ednim 1 hora despr\u00e9s del tancament de l&#8217;edifici, per retirar el m\u00e0xim de contaminants generats pels ocupants.<\/p>\n<p><strong>\u00bfI si no compta amb sistema de ventilaci\u00f3 mec\u00e0nica?<\/strong><br \/>\nEs recomana llavors que mantingui obertes les finestres tot el possible (fins i tot quan aix\u00f2 causa certa incomoditat t\u00e8rmica) i, en general, s&#8217;evitin espais abarrotats i mal ventilats.<br \/>\nEn resum, el consell general seria subministrar tant aire exterior com sigui raonablement possible.<\/p>\n<p><strong>Indicar a l\u2019usuari que no manipuli les consignes de temperatura i humitat<\/strong><br \/>\nLa humidificaci\u00f3 i l&#8217;aire condicionat dins de rangs acceptables no tenen efecte pr\u00e0ctic contra el COVID-19.<br \/>\nS&#8217;ha descobert que els coronavirus s\u00f3n bastant resistents als canvis ambientals i nom\u00e9s s\u00f3n susceptibles a una humitat relativa molt alta (per sobre del 80%) i una temperatura per sobre dels 30 C\u00ba, condicions que no s\u00f3n acceptables en edificis ocupats per persones i fora dels rangs de control dels equips de ventilaci\u00f3 comercials.<\/p>\n<p><strong>\u00bfCal canviar els filtres?<\/strong><br \/>\nEs recomana augmentar el grau de filtraci\u00f3 si compta amb filtres centrats en retenir la pols per\u00f2 que no s\u00f3n prou efectius contra el virus (F4 \/ F5 o ISO ePM10), no nom\u00e9s de l&#8217;aire exterior sin\u00f3 tamb\u00e9 del recirculat, intentant acostar-se tot el possible a una filtraci\u00f3 Merv-13.<br \/>\nSi t\u00e9 un sistema de ventilaci\u00f3 amb UTA\u2019s (unitat de tractament d&#8217;aire), no ha de preocupar-se, ja que estan equipats amb filtres d&#8217;aire exterior (tipus F7, F84, ISO, ePM2.5 i ePM1) que evitaran que el coronavirus passi a trav\u00e9s d\u2019ells. Cal comprovar-ho.<br \/>\nEn el cas que no es pugui incloure o substituir els filtres existents, penseu en oferir l&#8217;\u00fas d&#8217;equips de filtraci\u00f3 d&#8217;aire port\u00e0tils, recomanat sobretot en petites estances de menys de 10m2, i que s\u2019haur\u00e0 de col\u00b7locar a prop de la zona on es troben respirant els ocupants.<\/p>\n<p><strong>Compte, el virus pot tornar a l&#8217;interior<\/strong><br \/>\nSota certes condicions, les part\u00edcules de virus en l&#8217;aire extret poden tornar a ingressar a l&#8217;edifici.<br \/>\nEls recuperadors de calor rotatius (ent\u00e0lpics) intercanvien humitat entre l&#8217;extracci\u00f3 i l&#8217;aportaci\u00f3. Encara que \u00e9s poc probable, sembla que el virus podria passar d&#8217;un cabal a un altre a trav\u00e9s de la rotaci\u00f3 de l\u2019intercanviador, i per tant, tornar a l&#8217;interior de l&#8217;edifici. \u00c9s recomanable, doncs, revisar l&#8217;estat del recuperador, inclosa la mesura de la difer\u00e8ncia de pressi\u00f3. La transmissi\u00f3 de virus a trav\u00e9s de recuperadors de calor no \u00e9s un problema quan el sistema de ventilaci\u00f3 est\u00e0 equipat amb una unitat de doble bobina o un altre dispositiu de recuperaci\u00f3 de calor que garanteix una separaci\u00f3 de l&#8217;aire de l&#8217;100% entre el costat d&#8217;extracci\u00f3 i el d&#8217;impulsi\u00f3.<br \/>\nEs recomana evitar la recirculaci\u00f3 central durant els episodis de COVID-19, ja que les part\u00edcules de virus en els conductes de retorn tamb\u00e9 poden tornar a ingressar a un edifici.<\/p>\n<p><strong>No cal netejar els conductes de ventilaci\u00f3<\/strong><br \/>\nLa neteja dels conductes no \u00e9s efectiva contra la infecci\u00f3 entre cambres, ja que el sistema de ventilaci\u00f3 no \u00e9s una font de contaminaci\u00f3 si es segueixen les recomanacions anteriors.<br \/>\n\u00c9s molt m\u00e9s important i efectiu augmentar el subministrament d&#8217;aire fresc i evitar la recirculaci\u00f3 d&#8217;aire, com ja s&#8217;ha esmentat anteriorment.<\/p>\n<p><strong>Resum de mesures recomanades per la REHVA per evitar el coronavirus en sistemes de ventilaci\u00f3:<\/strong><br \/>\n&#8211; Assegureu la ventilaci\u00f3 dels espais amb aire exterior.<br \/>\n&#8211; Canvieu la ventilaci\u00f3 a velocitat nominal al menys 2 hores abans del temps d&#8217;\u00fas de l&#8217;edifici i canvi\u00ef a velocitat m\u00e9s baixa, 1-2 hores despr\u00e9s de el temps d&#8217;\u00fas de l&#8217;edifici.<br \/>\n&#8211; A les nits i caps de setmana, no apagueu la ventilaci\u00f3, per\u00f2 mantingui els sistemes funcionant a menys velocitat.<br \/>\n&#8211; Assegureu una ventilaci\u00f3 regular amb finestres (fins i tot en edificis amb ventilaci\u00f3 mec\u00e0nica).<br \/>\n&#8211; Mantingueu la ventilaci\u00f3 de l&#8217;inodor 24 hores \/ 7 dies en funcionament.<br \/>\n&#8211; Eviteu obrir finestres en els inodors per assegurar la direcci\u00f3 correcta de ventilaci\u00f3.<br \/>\n&#8211; Indiqueu als ocupants de l&#8217;edifici que descarreguin els v\u00e0ters amb la tapa tancada.<br \/>\n&#8211; Canvieu les unitats de tractament d&#8217;aire amb recirculaci\u00f3 a aire 100% exterior.<br \/>\n&#8211; Inspeccioneu l&#8217;equip de recuperaci\u00f3 de calor per a assegurar-se que les fuites estiguin sota control.<br \/>\n&#8211; No canvieu els punts d&#8217;ajust de calefacci\u00f3, refrigeraci\u00f3 i possibles humectacions.<br \/>\n&#8211; Substitu\u00efu l&#8217;aire exterior central i substitu\u00efu els filtres d&#8217;aire com de costum, d&#8217;acord amb el programa de manteniment.<br \/>\nEls treballs regulars de reempla\u00e7ament i manteniment del filtre es realitzaran amb mesures de protecci\u00f3 comunes, inclosa la protecci\u00f3 respirat\u00f2ria.<\/p>\n<p><strong>Quins sistemes de purificaci\u00f3 de l&#8217;aire es poden instal\u00b7lar?<\/strong><br \/>\nHi ha equips espec\u00edfics, b\u00e9 per incorporar als existents o b\u00e9 com equips aut\u00f2noms, amb diferents tecnologies i les combinacions d&#8217;elles.<br \/>\nEn el cas d&#8217;unitats aut\u00f2nomes situades en els mateixos espais tractats, es recomana que tinguin un \u00edndex de moviments hora superior a 5 mov \/ h, per tal de garantir un bon tractament de l&#8217;aire.<br \/>\nS&#8217;ha de tenir especial cura amb l&#8217;\u00fas en interiors de sistemes t\u00f2xics com el O3 que no es poden fer servir quan hi hagi ocupaci\u00f3.<br \/>\nUn tractament efectiu pot ser la combinaci\u00f3 de varies tecnologies:<br \/>\n1. Filtraci\u00f3 HEPA. Aquest proc\u00e9s de filtraci\u00f3 d&#8217;aire es considera l&#8217;est\u00e0ndard per a la purificaci\u00f3 d&#8217;aire. Alta efici\u00e8ncia, atrapa les part\u00edcules i no les allibera l&#8217;aire, \u00e9s segur per a tots els problemes respiratoris. De dif\u00edcil incorporaci\u00f3 en els equips existents, hi ha equips aut\u00f2noms amb aquest tipus de filtraci\u00f3.<br \/>\n2.Filtraci\u00f3 electrost\u00e0tica. En determinats casos, aquesta filtraci\u00f3 \u00e9s denominada HEPA-Type, ja que hi ha fabricants amb equips homologats a equival\u00e8ncies H-13 sobretot amb equips aut\u00f2noms. Es troba tant en versi\u00f3 per acoblar a equips existents com en petits equips aut\u00f2noms.<br \/>\n3. Llum germicida ultraviolada (UV-C). A difer\u00e8ncia dels anteriors, aquesta tecnologia emet una llum invisible que ataca els contaminants destruint el seu ADN en lloc de passar-los a trav\u00e9s d&#8217;un filtre f\u00edsic. Aquesta tecnologia, d&#8217;efic\u00e0cia contrastada, nom\u00e9s \u00e9s bona per matar virus, bacteris i g\u00e8rmens. No elimina part\u00edcules en l&#8217;aire.<br \/>\nLa radiaci\u00f3 directa sobre les persones i animals \u00e9s molt perillosa, pel que el seu \u00fas ha de realitzar-se per personal qualificat. \u00c9s relativament f\u00e0cil d&#8217;incorporar a unitats existents tipus conductes o UTA. Freq\u00fcentment ve com un complement addicional en un filtre d&#8217;aire HEPA o i\u00f2nic en equips aut\u00f2noms.<br \/>\n4. Fotocat\u00e0lisi amb TiO2. Aquesta tecnologia similar a l&#8217;anterior no filtra l&#8217;aire, \u00fanicament ho higienitza mitjan\u00e7ant una combinaci\u00f3 d&#8217;UV-C i un catalitzador de TiO2 que genera reactius altament desinfectants. La seva efic\u00e0cia contra els pat\u00f2gens \u00e9s molt elevada. No elimina part\u00edcules en l&#8217;aire. \u00c9s relativament f\u00e0cil d&#8217;incorporar a unitats existents tipus conductes o UTA, encara que tamb\u00e9 es troba en equips aut\u00f2noms<br \/>\n5. Filtraci\u00f3 i\u00f2nica, ionitzaci\u00f3 bipolar, ions hidroxil etc. Existeixen en el mercat una varietat de tecnologies basades en la generaci\u00f3 d&#8217;ions, radicals lliures amb c\u00e0rregues magn\u00e8tiques positives i negatives i reaccions redox que contribueixen a neutralitzar pat\u00f2gens i altres compostos org\u00e0nics vol\u00e0tils.<br \/>\nNo elimina part\u00edcules en l&#8217;aire, en la majoria dels casos fomenta la seva precipitaci\u00f3 sobre el s\u00f2l i superf\u00edcies properes.<br \/>\nEncara que hi ha purificadors d&#8217;aire i\u00f2nics inclouen una placa de recol\u00b7lecci\u00f3 electrost\u00e0tica que atreu aquestes part\u00edcules caigudes i les elimina de l&#8217;habitaci\u00f3. Amb alguns d&#8217;aquests sistemes s&#8217;assoleixen filtrats de part\u00edcules ultrafines de fins a 0,01 micres de mida. \u00c9s relativament f\u00e0cil d&#8217;incorporar a unitats existents tipus conductes o UTA encara que tamb\u00e9 es troba en equips aut\u00f2noms<\/p>\n<p><strong>Consideracions importants a tenir en compte<\/strong><br \/>\n\u2022 Higiene de l\u2019UTA i conductes. Com a mesura de prevenci\u00f3 general es recomana assegurar que les unitats es troben netes i desinfectades en el moment de la reocupaci\u00f3 de l&#8217;edifici.<br \/>\n\u2022 Tot i no ser una mesura especifica relacionada amb COVID-19 els conductes han de complir amb els requisits de la norma UNE 100012, tal com especifica el RITE.<br \/>\n\u2022 Com a mesura de precauci\u00f3 general es recomana instal\u00b7lar nous filtres al moment de reocupaci\u00f3 de l&#8217;edifici.<\/p>\n<p><strong>Auditoria del sistema de ventilaci\u00f3\/climatitzaci\u00f3<\/strong><br \/>\nS&#8217;ha d\u2019intentar conv\u00e8ncer a l\u2019usuari que cal dur a terme una auditoria general de sistema de climatitzaci\u00f3 que inclogui, com a m\u00ednim, els seg\u00fcents aspectes:<br \/>\n\u2022 Determinar el grau de renovaci\u00f3 d&#8217;aire disponible<br \/>\n\u2022 Estat general de filtres<br \/>\n\u2022 Estat higi\u00e8nic d&#8217;unitats de tractament d&#8217;aire i xarxes de conductes<br \/>\n\u2022 Verificaci\u00f3 de preses d&#8217;aire exterior.<\/p>\n<p><strong>Oportunitats<\/strong><br \/>\nLa totalitat de recomanacions i actuacions que hem estat citant, representen infinitat d\u2019oportunitats de poder revisar, ampliar, adaptar o controlar una instal\u00b7laci\u00f3 de ventilaci\u00f3 i\/o climatitzaci\u00f3. Des de la col\u00b7locaci\u00f3 de temporitzadors als quadres el\u00e8ctrics per regular les hores de posta en marxa i parada dels equips de climatitzaci\u00f3\/ventilaci\u00f3, a la inclusi\u00f3 de filtres m\u00e9s eficients, a la instal\u00b7laci\u00f3 de sistemes de purificaci\u00f3 d\u2019aire, tant a les instal\u00b7lacions existents com a la instal\u00b7laci\u00f3 d\u2019equips independents, etc., son exemples d\u2019aquestes oportunitats que tenim en aquests moments. Aprofitem-ho per millorar la salut de tots amb la informaci\u00f3 que ara tenim del Covid.<br \/>\nPer a qualsevol comentari o estudi us podeu posar en contacte amb nosaltres a traves de GIBAIX o trucant al 933772199 o al mail; gabinet@gabinetjm2b.es<\/p>\n<p><em>Referencies:<\/em><br \/>\n<em>&#8211; Guia d\u2019ATECYR (Associaci\u00f3 T\u00e8cnica Espanyola de Climatitzaci\u00f3 i Refrigeraci\u00f3): RECOMENDACIONES DE OPERACI\u00d3N Y MANTENIMIENTO DE LOS SISTEMAS DE CLIMATIZACI\u00d3N Y VENTILACI\u00d3N PARA EDIFICIOS DE USO NO SANITARIO PARA LA PREVENCI\u00d3N DEL CONTAGIO POR COVID-19. <\/em><br \/>\n<em>&#8211; Recomanacions de la REHVA (Associaci\u00f3 Europea de Calefacci\u00f3, Ventilaci\u00f3 i Aire Condicionat) per mantenir un nivell de salubritat \u00f2ptim en Llar i Centres de treball.<\/em><br \/>\n<em>&#8211; Protocolo de reocupaci\u00f3n de edificios durante la pandemia por COVID-19: Ambisalud.<\/em><br \/>\n<em>&#8211; Web de Brinner.es.<\/em>[\/vc_column_text][\/vc_column][\/vc_row]<\/p>\n<\/div>","protected":false},"excerpt":{"rendered":"<p>[vc_row][vc_column][vc_column_text]ACTUACIONS, RECOMANACIONS I OPORTUNITATS Qu\u00e8 recomanen els experts? La crisi del Covid-19 est\u00e0 posant a prova a tots i en tot, des del personal hum\u00e0 que treballa a primera fila contra el virus fins alguna cosa intangible com \u00e9s l&#8217;economia d&#8217;un pa\u00eds. Els sistemes de ventilaci\u00f3 i aires condicionats no s\u2019escapen tampoc a disposar de [&hellip;]<\/p>\n","protected":false},"author":1,"featured_media":562,"comment_status":"closed","ping_status":"open","sticky":false,"template":"","format":"standard","meta":{"footnotes":""},"categories":[4],"tags":[41,44,38,39,42,40,43],"class_list":["post-561","post","type-post","status-publish","format-standard","has-post-thumbnail","hentry","category-noticies","tag-actuacions","tag-assessorament","tag-coronavirus","tag-covid","tag-oportunitats","tag-recomanacions","tag-ventilacio"],"_links":{"self":[{"href":"https:\/\/gabinetjm2b.es\/ca\/wp-json\/wp\/v2\/posts\/561","targetHints":{"allow":["GET"]}}],"collection":[{"href":"https:\/\/gabinetjm2b.es\/ca\/wp-json\/wp\/v2\/posts"}],"about":[{"href":"https:\/\/gabinetjm2b.es\/ca\/wp-json\/wp\/v2\/types\/post"}],"author":[{"embeddable":true,"href":"https:\/\/gabinetjm2b.es\/ca\/wp-json\/wp\/v2\/users\/1"}],"replies":[{"embeddable":true,"href":"https:\/\/gabinetjm2b.es\/ca\/wp-json\/wp\/v2\/comments?post=561"}],"version-history":[{"count":1,"href":"https:\/\/gabinetjm2b.es\/ca\/wp-json\/wp\/v2\/posts\/561\/revisions"}],"predecessor-version":[{"id":564,"href":"https:\/\/gabinetjm2b.es\/ca\/wp-json\/wp\/v2\/posts\/561\/revisions\/564"}],"wp:featuredmedia":[{"embeddable":true,"href":"https:\/\/gabinetjm2b.es\/ca\/wp-json\/wp\/v2\/media\/562"}],"wp:attachment":[{"href":"https:\/\/gabinetjm2b.es\/ca\/wp-json\/wp\/v2\/media?parent=561"}],"wp:term":[{"taxonomy":"category","embeddable":true,"href":"https:\/\/gabinetjm2b.es\/ca\/wp-json\/wp\/v2\/categories?post=561"},{"taxonomy":"post_tag","embeddable":true,"href":"https:\/\/gabinetjm2b.es\/ca\/wp-json\/wp\/v2\/tags?post=561"}],"curies":[{"name":"wp","href":"https:\/\/api.w.org\/{rel}","templated":true}]}}